{"id":1658,"date":"2016-05-09T14:36:55","date_gmt":"2016-05-09T12:36:55","guid":{"rendered":"http:\/\/hp-wandern.de\/?p=1658"},"modified":"2017-10-22T17:30:57","modified_gmt":"2017-10-22T15:30:57","slug":"am-kreuzbach","status":"publish","type":"post","link":"https:\/\/hp-wandern.de\/?p=1658","title":{"rendered":"Am Kreuzbach"},"content":{"rendered":"<p>Wegstrecke: ca. 1,2 km (einfache Strecke)<br \/>\nGehzeit: ca. 30 Minuten<br \/>\nSchwierigkeit: leicht<br \/>\nAusgangspunkt: <a href=\"https:\/\/www.google.de\/maps\/place\/48%C2%B048'15.1%22N+13%C2%B047'18.5%22E\/@48.8030187,13.7782684,14.81z\/data=!4m6!3m5!1s0x0:0x0!7e2!8m2!3d48.804191!4d13.7884696\"><span style=\"color: #3366ff;\">Kreuzbachklause<\/span><\/a><\/p>\n<p><!--more--><\/p>\n<p>Ausgangspunkt ist der Parkplatz an der Kreuzbachklause am Fu\u00dfe des Dreisesselberges. Man \u00fcberquert die Stra\u00dfe und folgt dem Bachlauf \u00fcber die Wasserf\u00e4lle bis zum Wasserrad.<\/p>\n<div id='gallery-1' class='gallery galleryid-1658 gallery-columns-3 gallery-size-thumbnail'><figure class='gallery-item'>\n\t\t\t<div class='gallery-icon landscape'>\n\t\t\t\t<a href='https:\/\/hp-wandern.de\/wp-content\/uploads\/2017\/04\/K1024_DSC_0040.jpg'><img loading=\"lazy\" decoding=\"async\" width=\"150\" height=\"150\" src=\"https:\/\/hp-wandern.de\/wp-content\/uploads\/2017\/04\/K1024_DSC_0040-150x150.jpg\" class=\"attachment-thumbnail size-thumbnail\" alt=\"\" srcset=\"https:\/\/hp-wandern.de\/wp-content\/uploads\/2017\/04\/K1024_DSC_0040-150x150.jpg 150w, https:\/\/hp-wandern.de\/wp-content\/uploads\/2017\/04\/K1024_DSC_0040-100x100.jpg 100w\" sizes=\"auto, 100vw\" \/><\/a>\n\t\t\t<\/div><\/figure><figure class='gallery-item'>\n\t\t\t<div class='gallery-icon portrait'>\n\t\t\t\t<a href='https:\/\/hp-wandern.de\/wp-content\/uploads\/2017\/04\/K1024_DSC_0045-4.jpg'><img loading=\"lazy\" decoding=\"async\" width=\"150\" height=\"150\" src=\"https:\/\/hp-wandern.de\/wp-content\/uploads\/2017\/04\/K1024_DSC_0045-4-150x150.jpg\" class=\"attachment-thumbnail size-thumbnail\" alt=\"\" srcset=\"https:\/\/hp-wandern.de\/wp-content\/uploads\/2017\/04\/K1024_DSC_0045-4-150x150.jpg 150w, https:\/\/hp-wandern.de\/wp-content\/uploads\/2017\/04\/K1024_DSC_0045-4-100x100.jpg 100w\" sizes=\"auto, 100vw\" \/><\/a>\n\t\t\t<\/div><\/figure><figure class='gallery-item'>\n\t\t\t<div class='gallery-icon landscape'>\n\t\t\t\t<a href='https:\/\/hp-wandern.de\/wp-content\/uploads\/2017\/04\/K1024_DSC_0047-1.jpg'><img loading=\"lazy\" decoding=\"async\" width=\"150\" height=\"150\" src=\"https:\/\/hp-wandern.de\/wp-content\/uploads\/2017\/04\/K1024_DSC_0047-1-150x150.jpg\" class=\"attachment-thumbnail size-thumbnail\" alt=\"\" srcset=\"https:\/\/hp-wandern.de\/wp-content\/uploads\/2017\/04\/K1024_DSC_0047-1-150x150.jpg 150w, https:\/\/hp-wandern.de\/wp-content\/uploads\/2017\/04\/K1024_DSC_0047-1-100x100.jpg 100w\" sizes=\"auto, 100vw\" \/><\/a>\n\t\t\t<\/div><\/figure><figure class='gallery-item'>\n\t\t\t<div class='gallery-icon landscape'>\n\t\t\t\t<a href='https:\/\/hp-wandern.de\/wp-content\/uploads\/2017\/04\/K1024_DSC_0054.jpg'><img loading=\"lazy\" decoding=\"async\" width=\"150\" height=\"150\" src=\"https:\/\/hp-wandern.de\/wp-content\/uploads\/2017\/04\/K1024_DSC_0054-150x150.jpg\" class=\"attachment-thumbnail size-thumbnail\" alt=\"\" srcset=\"https:\/\/hp-wandern.de\/wp-content\/uploads\/2017\/04\/K1024_DSC_0054-150x150.jpg 150w, https:\/\/hp-wandern.de\/wp-content\/uploads\/2017\/04\/K1024_DSC_0054-100x100.jpg 100w\" sizes=\"auto, 100vw\" \/><\/a>\n\t\t\t<\/div><\/figure><figure class='gallery-item'>\n\t\t\t<div class='gallery-icon landscape'>\n\t\t\t\t<a href='https:\/\/hp-wandern.de\/wp-content\/uploads\/2017\/04\/K1024_DSC_0067.jpg'><img loading=\"lazy\" decoding=\"async\" width=\"150\" height=\"150\" src=\"https:\/\/hp-wandern.de\/wp-content\/uploads\/2017\/04\/K1024_DSC_0067-150x150.jpg\" class=\"attachment-thumbnail size-thumbnail\" alt=\"\" srcset=\"https:\/\/hp-wandern.de\/wp-content\/uploads\/2017\/04\/K1024_DSC_0067-150x150.jpg 150w, https:\/\/hp-wandern.de\/wp-content\/uploads\/2017\/04\/K1024_DSC_0067-100x100.jpg 100w\" sizes=\"auto, 100vw\" \/><\/a>\n\t\t\t<\/div><\/figure><figure class='gallery-item'>\n\t\t\t<div class='gallery-icon landscape'>\n\t\t\t\t<a href='https:\/\/hp-wandern.de\/wp-content\/uploads\/2017\/04\/K1024_DSC_0074.jpg'><img loading=\"lazy\" decoding=\"async\" width=\"150\" height=\"150\" src=\"https:\/\/hp-wandern.de\/wp-content\/uploads\/2017\/04\/K1024_DSC_0074-150x150.jpg\" class=\"attachment-thumbnail size-thumbnail\" alt=\"\" srcset=\"https:\/\/hp-wandern.de\/wp-content\/uploads\/2017\/04\/K1024_DSC_0074-150x150.jpg 150w, https:\/\/hp-wandern.de\/wp-content\/uploads\/2017\/04\/K1024_DSC_0074-100x100.jpg 100w\" sizes=\"auto, 100vw\" \/><\/a>\n\t\t\t<\/div><\/figure><figure class='gallery-item'>\n\t\t\t<div class='gallery-icon landscape'>\n\t\t\t\t<a href='https:\/\/hp-wandern.de\/wp-content\/uploads\/2017\/04\/K1024_DSC_0077-2.jpg'><img loading=\"lazy\" decoding=\"async\" width=\"150\" height=\"150\" src=\"https:\/\/hp-wandern.de\/wp-content\/uploads\/2017\/04\/K1024_DSC_0077-2-150x150.jpg\" class=\"attachment-thumbnail size-thumbnail\" alt=\"\" srcset=\"https:\/\/hp-wandern.de\/wp-content\/uploads\/2017\/04\/K1024_DSC_0077-2-150x150.jpg 150w, https:\/\/hp-wandern.de\/wp-content\/uploads\/2017\/04\/K1024_DSC_0077-2-100x100.jpg 100w\" sizes=\"auto, 100vw\" \/><\/a>\n\t\t\t<\/div><\/figure>\n\t\t<\/div>\n\n<p>&nbsp;<\/p>\n","protected":false},"excerpt":{"rendered":"<p>Wegstrecke: ca. 1,2 km (einfache Strecke) Gehzeit: ca. 30 Minuten Schwierigkeit: leicht Ausgangspunkt: Kreuzbachklause<\/p>\n","protected":false},"author":1,"featured_media":0,"comment_status":"closed","ping_status":"closed","sticky":false,"template":"","format":"standard","meta":{"_monsterinsights_skip_tracking":false,"_monsterinsights_sitenote_active":false,"_monsterinsights_sitenote_note":"","_monsterinsights_sitenote_category":0,"footnotes":""},"categories":[6,8],"tags":[26,29,32],"class_list":["post-1658","post","type-post","status-publish","format-standard","hentry","category-tourenart","category-flusswanderung","tag-0-10-km","tag-0-2-stunden","tag-leicht"],"yoast_head":"<!-- This site is optimized with the Yoast SEO plugin v27.4 - https:\/\/yoast.com\/product\/yoast-seo-wordpress\/ -->\n<title>Am Kreuzbach - Da Bayerische Woid<\/title>\n<meta name=\"robots\" content=\"index, follow, max-snippet:-1, max-image-preview:large, max-video-preview:-1\" \/>\n<link rel=\"canonical\" href=\"https:\/\/hp-wandern.de\/?p=1658\" \/>\n<meta property=\"og:locale\" content=\"de_DE\" \/>\n<meta property=\"og:type\" content=\"article\" \/>\n<meta property=\"og:title\" content=\"Am Kreuzbach - Da Bayerische Woid\" \/>\n<meta property=\"og:description\" content=\"Wegstrecke: ca. 1,2 km (einfache Strecke) Gehzeit: ca. 30 Minuten Schwierigkeit: leicht Ausgangspunkt: Kreuzbachklause\" \/>\n<meta property=\"og:url\" content=\"https:\/\/hp-wandern.de\/?p=1658\" \/>\n<meta property=\"og:site_name\" content=\"Da Bayerische Woid\" \/>\n<meta property=\"article:publisher\" content=\"https:\/\/www.facebook.com\/hanspeter.muller.75\" \/>\n<meta property=\"article:published_time\" content=\"2016-05-09T12:36:55+00:00\" \/>\n<meta property=\"article:modified_time\" content=\"2017-10-22T15:30:57+00:00\" \/>\n<meta property=\"og:image\" content=\"https:\/\/hp-wandern.de\/wp-content\/uploads\/2017\/04\/K1024_DSC_0040-150x150.jpg\" \/>\n<meta name=\"author\" content=\"Hans-Peter\" \/>\n<meta name=\"twitter:card\" content=\"summary_large_image\" \/>\n<meta name=\"twitter:label1\" content=\"Verfasst von\" \/>\n\t<meta name=\"twitter:data1\" content=\"Hans-Peter\" \/>\n<script type=\"application\/ld+json\" class=\"yoast-schema-graph\">{\"@context\":\"https:\\\/\\\/schema.org\",\"@graph\":[{\"@type\":\"Article\",\"@id\":\"https:\\\/\\\/hp-wandern.de\\\/?p=1658#article\",\"isPartOf\":{\"@id\":\"https:\\\/\\\/hp-wandern.de\\\/?p=1658\"},\"author\":{\"name\":\"Hans-Peter\",\"@id\":\"https:\\\/\\\/hp-wandern.de\\\/#\\\/schema\\\/person\\\/ef5968d7a20263d0eb4825f6100cd85b\"},\"headline\":\"Am Kreuzbach\",\"datePublished\":\"2016-05-09T12:36:55+00:00\",\"dateModified\":\"2017-10-22T15:30:57+00:00\",\"mainEntityOfPage\":{\"@id\":\"https:\\\/\\\/hp-wandern.de\\\/?p=1658\"},\"wordCount\":47,\"keywords\":[\"0 - 10 km\",\"0 - 2 Stunden\",\"leicht\"],\"articleSection\":[\"Tourenart\",\"Flu\u00dfwanderung\"],\"inLanguage\":\"de\"},{\"@type\":\"WebPage\",\"@id\":\"https:\\\/\\\/hp-wandern.de\\\/?p=1658\",\"url\":\"https:\\\/\\\/hp-wandern.de\\\/?p=1658\",\"name\":\"Am Kreuzbach - Da Bayerische Woid\",\"isPartOf\":{\"@id\":\"https:\\\/\\\/hp-wandern.de\\\/#website\"},\"datePublished\":\"2016-05-09T12:36:55+00:00\",\"dateModified\":\"2017-10-22T15:30:57+00:00\",\"author\":{\"@id\":\"https:\\\/\\\/hp-wandern.de\\\/#\\\/schema\\\/person\\\/ef5968d7a20263d0eb4825f6100cd85b\"},\"breadcrumb\":{\"@id\":\"https:\\\/\\\/hp-wandern.de\\\/?p=1658#breadcrumb\"},\"inLanguage\":\"de\",\"potentialAction\":[{\"@type\":\"ReadAction\",\"target\":[\"https:\\\/\\\/hp-wandern.de\\\/?p=1658\"]}]},{\"@type\":\"BreadcrumbList\",\"@id\":\"https:\\\/\\\/hp-wandern.de\\\/?p=1658#breadcrumb\",\"itemListElement\":[{\"@type\":\"ListItem\",\"position\":1,\"name\":\"Startseite\",\"item\":\"https:\\\/\\\/hp-wandern.de\\\/\"},{\"@type\":\"ListItem\",\"position\":2,\"name\":\"Am Kreuzbach\"}]},{\"@type\":\"WebSite\",\"@id\":\"https:\\\/\\\/hp-wandern.de\\\/#website\",\"url\":\"https:\\\/\\\/hp-wandern.de\\\/\",\"name\":\"Da Bayerische Woid\",\"description\":\"...und do bin i dahoam\",\"potentialAction\":[{\"@type\":\"SearchAction\",\"target\":{\"@type\":\"EntryPoint\",\"urlTemplate\":\"https:\\\/\\\/hp-wandern.de\\\/?s={search_term_string}\"},\"query-input\":{\"@type\":\"PropertyValueSpecification\",\"valueRequired\":true,\"valueName\":\"search_term_string\"}}],\"inLanguage\":\"de\"},{\"@type\":\"Person\",\"@id\":\"https:\\\/\\\/hp-wandern.de\\\/#\\\/schema\\\/person\\\/ef5968d7a20263d0eb4825f6100cd85b\",\"name\":\"Hans-Peter\",\"image\":{\"@type\":\"ImageObject\",\"inLanguage\":\"de\",\"@id\":\"https:\\\/\\\/secure.gravatar.com\\\/avatar\\\/d5f61bd360663eeb59e10fcda528cc8efb11cec71102402ef1dbe3c5ef7a8693?s=96&d=mm&r=g\",\"url\":\"https:\\\/\\\/secure.gravatar.com\\\/avatar\\\/d5f61bd360663eeb59e10fcda528cc8efb11cec71102402ef1dbe3c5ef7a8693?s=96&d=mm&r=g\",\"contentUrl\":\"https:\\\/\\\/secure.gravatar.com\\\/avatar\\\/d5f61bd360663eeb59e10fcda528cc8efb11cec71102402ef1dbe3c5ef7a8693?s=96&d=mm&r=g\",\"caption\":\"Hans-Peter\"},\"sameAs\":[\"http:\\\/\\\/hp-wandern.de\"]}]}<\/script>\n<!-- \/ Yoast SEO plugin. -->","yoast_head_json":{"title":"Am Kreuzbach - Da Bayerische Woid","robots":{"index":"index","follow":"follow","max-snippet":"max-snippet:-1","max-image-preview":"max-image-preview:large","max-video-preview":"max-video-preview:-1"},"canonical":"https:\/\/hp-wandern.de\/?p=1658","og_locale":"de_DE","og_type":"article","og_title":"Am Kreuzbach - Da Bayerische Woid","og_description":"Wegstrecke: ca. 1,2 km (einfache Strecke) Gehzeit: ca. 30 Minuten Schwierigkeit: leicht Ausgangspunkt: Kreuzbachklause","og_url":"https:\/\/hp-wandern.de\/?p=1658","og_site_name":"Da Bayerische Woid","article_publisher":"https:\/\/www.facebook.com\/hanspeter.muller.75","article_published_time":"2016-05-09T12:36:55+00:00","article_modified_time":"2017-10-22T15:30:57+00:00","og_image":[{"url":"https:\/\/hp-wandern.de\/wp-content\/uploads\/2017\/04\/K1024_DSC_0040-150x150.jpg","type":"","width":"","height":""}],"author":"Hans-Peter","twitter_card":"summary_large_image","twitter_misc":{"Verfasst von":"Hans-Peter"},"schema":{"@context":"https:\/\/schema.org","@graph":[{"@type":"Article","@id":"https:\/\/hp-wandern.de\/?p=1658#article","isPartOf":{"@id":"https:\/\/hp-wandern.de\/?p=1658"},"author":{"name":"Hans-Peter","@id":"https:\/\/hp-wandern.de\/#\/schema\/person\/ef5968d7a20263d0eb4825f6100cd85b"},"headline":"Am Kreuzbach","datePublished":"2016-05-09T12:36:55+00:00","dateModified":"2017-10-22T15:30:57+00:00","mainEntityOfPage":{"@id":"https:\/\/hp-wandern.de\/?p=1658"},"wordCount":47,"keywords":["0 - 10 km","0 - 2 Stunden","leicht"],"articleSection":["Tourenart","Flu\u00dfwanderung"],"inLanguage":"de"},{"@type":"WebPage","@id":"https:\/\/hp-wandern.de\/?p=1658","url":"https:\/\/hp-wandern.de\/?p=1658","name":"Am Kreuzbach - Da Bayerische Woid","isPartOf":{"@id":"https:\/\/hp-wandern.de\/#website"},"datePublished":"2016-05-09T12:36:55+00:00","dateModified":"2017-10-22T15:30:57+00:00","author":{"@id":"https:\/\/hp-wandern.de\/#\/schema\/person\/ef5968d7a20263d0eb4825f6100cd85b"},"breadcrumb":{"@id":"https:\/\/hp-wandern.de\/?p=1658#breadcrumb"},"inLanguage":"de","potentialAction":[{"@type":"ReadAction","target":["https:\/\/hp-wandern.de\/?p=1658"]}]},{"@type":"BreadcrumbList","@id":"https:\/\/hp-wandern.de\/?p=1658#breadcrumb","itemListElement":[{"@type":"ListItem","position":1,"name":"Startseite","item":"https:\/\/hp-wandern.de\/"},{"@type":"ListItem","position":2,"name":"Am Kreuzbach"}]},{"@type":"WebSite","@id":"https:\/\/hp-wandern.de\/#website","url":"https:\/\/hp-wandern.de\/","name":"Da Bayerische Woid","description":"...und do bin i dahoam","potentialAction":[{"@type":"SearchAction","target":{"@type":"EntryPoint","urlTemplate":"https:\/\/hp-wandern.de\/?s={search_term_string}"},"query-input":{"@type":"PropertyValueSpecification","valueRequired":true,"valueName":"search_term_string"}}],"inLanguage":"de"},{"@type":"Person","@id":"https:\/\/hp-wandern.de\/#\/schema\/person\/ef5968d7a20263d0eb4825f6100cd85b","name":"Hans-Peter","image":{"@type":"ImageObject","inLanguage":"de","@id":"https:\/\/secure.gravatar.com\/avatar\/d5f61bd360663eeb59e10fcda528cc8efb11cec71102402ef1dbe3c5ef7a8693?s=96&d=mm&r=g","url":"https:\/\/secure.gravatar.com\/avatar\/d5f61bd360663eeb59e10fcda528cc8efb11cec71102402ef1dbe3c5ef7a8693?s=96&d=mm&r=g","contentUrl":"https:\/\/secure.gravatar.com\/avatar\/d5f61bd360663eeb59e10fcda528cc8efb11cec71102402ef1dbe3c5ef7a8693?s=96&d=mm&r=g","caption":"Hans-Peter"},"sameAs":["http:\/\/hp-wandern.de"]}]}},"_links":{"self":[{"href":"https:\/\/hp-wandern.de\/index.php?rest_route=\/wp\/v2\/posts\/1658","targetHints":{"allow":["GET"]}}],"collection":[{"href":"https:\/\/hp-wandern.de\/index.php?rest_route=\/wp\/v2\/posts"}],"about":[{"href":"https:\/\/hp-wandern.de\/index.php?rest_route=\/wp\/v2\/types\/post"}],"author":[{"embeddable":true,"href":"https:\/\/hp-wandern.de\/index.php?rest_route=\/wp\/v2\/users\/1"}],"replies":[{"embeddable":true,"href":"https:\/\/hp-wandern.de\/index.php?rest_route=%2Fwp%2Fv2%2Fcomments&post=1658"}],"version-history":[{"count":6,"href":"https:\/\/hp-wandern.de\/index.php?rest_route=\/wp\/v2\/posts\/1658\/revisions"}],"predecessor-version":[{"id":2717,"href":"https:\/\/hp-wandern.de\/index.php?rest_route=\/wp\/v2\/posts\/1658\/revisions\/2717"}],"wp:attachment":[{"href":"https:\/\/hp-wandern.de\/index.php?rest_route=%2Fwp%2Fv2%2Fmedia&parent=1658"}],"wp:term":[{"taxonomy":"category","embeddable":true,"href":"https:\/\/hp-wandern.de\/index.php?rest_route=%2Fwp%2Fv2%2Fcategories&post=1658"},{"taxonomy":"post_tag","embeddable":true,"href":"https:\/\/hp-wandern.de\/index.php?rest_route=%2Fwp%2Fv2%2Ftags&post=1658"}],"curies":[{"name":"wp","href":"https:\/\/api.w.org\/{rel}","templated":true}]}}