{"id":1668,"date":"2016-05-06T14:59:19","date_gmt":"2016-05-06T12:59:19","guid":{"rendered":"http:\/\/hp-wandern.de\/?p=1668"},"modified":"2017-10-22T17:31:15","modified_gmt":"2017-10-22T15:31:15","slug":"zur-wagnerspitze","status":"publish","type":"post","link":"https:\/\/hp-wandern.de\/?p=1668","title":{"rendered":"Zur Wagnerspitze"},"content":{"rendered":"<p>Wegstrecke: ca. 1 km (einfache Strecke)<br \/>\nGehzeit: ca. 35 Minuten<br \/>\nSchwierigkeit: leicht<br \/>\nAusgangspunkt: <a href=\"https:\/\/www.google.de\/maps\/place\/49%C2%B008'04.0%22N+13%C2%B008'45.5%22E\/@49.1343517,13.1424907,17z\/data=!4m6!3m5!1s0x0:0x0!7e2!8m2!3d49.134446!4d13.1459654\"><span style=\"color: #3366ff;\">Brennes<\/span><\/a><\/p>\n<p><!--more--><\/p>\n<p>Ausgangspunkt ist der Parkplatz am Brennes, gegen\u00fcber dem Sporthotel Brennes, direkt neben der Stra\u00dfe nach Bayerisch Eisenstein. Man geht neben der Stra\u00dfe vor bis zur Einm\u00fcndung der Brennesstra\u00dfe und dann rechts in den Wald. Man folgt dem Wanderweg bis zur<a href=\"http:\/\/hp-wandern.de\/?p=481\"><strong> Wagnerspitze<\/strong><\/a>. Dort steht ein neues Gipfelkreuz und man hat einen sch\u00f6nen Blick zum <a href=\"http:\/\/hp-wandern.de\/?p=91\"><strong>Gro\u00dfen Arber<\/strong><\/a>.<\/p>\n<p>&nbsp;<\/p>\n<div id='gallery-1' class='gallery galleryid-1668 gallery-columns-3 gallery-size-thumbnail'><figure class='gallery-item'>\n\t\t\t<div class='gallery-icon portrait'>\n\t\t\t\t<a href='https:\/\/hp-wandern.de\/wp-content\/uploads\/2017\/04\/K1024_DSC_0026-2.jpg'><img loading=\"lazy\" decoding=\"async\" width=\"150\" height=\"150\" src=\"https:\/\/hp-wandern.de\/wp-content\/uploads\/2017\/04\/K1024_DSC_0026-2-150x150.jpg\" class=\"attachment-thumbnail size-thumbnail\" alt=\"\" aria-describedby=\"gallery-1-1672\" srcset=\"https:\/\/hp-wandern.de\/wp-content\/uploads\/2017\/04\/K1024_DSC_0026-2-150x150.jpg 150w, https:\/\/hp-wandern.de\/wp-content\/uploads\/2017\/04\/K1024_DSC_0026-2-100x100.jpg 100w\" sizes=\"auto, 100vw\" \/><\/a>\n\t\t\t<\/div>\n\t\t\t\t<figcaption class='wp-caption-text gallery-caption' id='gallery-1-1672'>\n\t\t\t\tWagnerspitze (1124 m).\n\t\t\t\t<\/figcaption><\/figure><figure class='gallery-item'>\n\t\t\t<div class='gallery-icon landscape'>\n\t\t\t\t<a href='https:\/\/hp-wandern.de\/wp-content\/uploads\/2017\/04\/K1024_DSC_0028-3.jpg'><img loading=\"lazy\" decoding=\"async\" width=\"150\" height=\"150\" src=\"https:\/\/hp-wandern.de\/wp-content\/uploads\/2017\/04\/K1024_DSC_0028-3-150x150.jpg\" class=\"attachment-thumbnail size-thumbnail\" alt=\"\" aria-describedby=\"gallery-1-1673\" srcset=\"https:\/\/hp-wandern.de\/wp-content\/uploads\/2017\/04\/K1024_DSC_0028-3-150x150.jpg 150w, https:\/\/hp-wandern.de\/wp-content\/uploads\/2017\/04\/K1024_DSC_0028-3-100x100.jpg 100w\" sizes=\"auto, 100vw\" \/><\/a>\n\t\t\t<\/div>\n\t\t\t\t<figcaption class='wp-caption-text gallery-caption' id='gallery-1-1673'>\n\t\t\t\tBlick  zum Gro\u00dfen Arber.\n\t\t\t\t<\/figcaption><\/figure><figure class='gallery-item'>\n\t\t\t<div class='gallery-icon landscape'>\n\t\t\t\t<a href='https:\/\/hp-wandern.de\/wp-content\/uploads\/2017\/04\/K1024_DSC_0031-3.jpg'><img loading=\"lazy\" decoding=\"async\" width=\"150\" height=\"150\" src=\"https:\/\/hp-wandern.de\/wp-content\/uploads\/2017\/04\/K1024_DSC_0031-3-150x150.jpg\" class=\"attachment-thumbnail size-thumbnail\" alt=\"\" srcset=\"https:\/\/hp-wandern.de\/wp-content\/uploads\/2017\/04\/K1024_DSC_0031-3-150x150.jpg 150w, https:\/\/hp-wandern.de\/wp-content\/uploads\/2017\/04\/K1024_DSC_0031-3-100x100.jpg 100w\" sizes=\"auto, 100vw\" \/><\/a>\n\t\t\t<\/div><\/figure>\n\t\t<\/div>\n\n<p>&nbsp;<\/p>\n<p>&nbsp;<\/p>\n","protected":false},"excerpt":{"rendered":"<p>Wegstrecke: ca. 1 km (einfache Strecke) Gehzeit: ca. 35 Minuten Schwierigkeit: leicht Ausgangspunkt: Brennes<\/p>\n","protected":false},"author":1,"featured_media":0,"comment_status":"closed","ping_status":"closed","sticky":false,"template":"","format":"standard","meta":{"_monsterinsights_skip_tracking":false,"_monsterinsights_sitenote_active":false,"_monsterinsights_sitenote_note":"","_monsterinsights_sitenote_category":0,"footnotes":""},"categories":[7,6],"tags":[32,26,29],"class_list":["post-1668","post","type-post","status-publish","format-standard","hentry","category-bergwanderung","category-tourenart","tag-leicht","tag-0-10-km","tag-0-2-stunden"],"yoast_head":"<!-- This site is optimized with the Yoast SEO plugin v27.4 - https:\/\/yoast.com\/product\/yoast-seo-wordpress\/ -->\n<title>Zur Wagnerspitze - Da Bayerische Woid<\/title>\n<meta name=\"robots\" content=\"index, follow, max-snippet:-1, max-image-preview:large, max-video-preview:-1\" \/>\n<link rel=\"canonical\" href=\"https:\/\/hp-wandern.de\/?p=1668\" \/>\n<meta property=\"og:locale\" content=\"de_DE\" \/>\n<meta property=\"og:type\" content=\"article\" \/>\n<meta property=\"og:title\" content=\"Zur Wagnerspitze - Da Bayerische Woid\" \/>\n<meta property=\"og:description\" content=\"Wegstrecke: ca. 1 km (einfache Strecke) Gehzeit: ca. 35 Minuten Schwierigkeit: leicht Ausgangspunkt: Brennes\" \/>\n<meta property=\"og:url\" content=\"https:\/\/hp-wandern.de\/?p=1668\" \/>\n<meta property=\"og:site_name\" content=\"Da Bayerische Woid\" \/>\n<meta property=\"article:publisher\" content=\"https:\/\/www.facebook.com\/hanspeter.muller.75\" \/>\n<meta property=\"article:published_time\" content=\"2016-05-06T12:59:19+00:00\" \/>\n<meta property=\"article:modified_time\" content=\"2017-10-22T15:31:15+00:00\" \/>\n<meta property=\"og:image\" content=\"https:\/\/hp-wandern.de\/wp-content\/uploads\/2017\/04\/K1024_DSC_0026-2-150x150.jpg\" \/>\n<meta name=\"author\" content=\"Hans-Peter\" \/>\n<meta name=\"twitter:card\" content=\"summary_large_image\" \/>\n<meta name=\"twitter:label1\" content=\"Verfasst von\" \/>\n\t<meta name=\"twitter:data1\" content=\"Hans-Peter\" \/>\n<script type=\"application\/ld+json\" class=\"yoast-schema-graph\">{\"@context\":\"https:\\\/\\\/schema.org\",\"@graph\":[{\"@type\":\"Article\",\"@id\":\"https:\\\/\\\/hp-wandern.de\\\/?p=1668#article\",\"isPartOf\":{\"@id\":\"https:\\\/\\\/hp-wandern.de\\\/?p=1668\"},\"author\":{\"name\":\"Hans-Peter\",\"@id\":\"https:\\\/\\\/hp-wandern.de\\\/#\\\/schema\\\/person\\\/ef5968d7a20263d0eb4825f6100cd85b\"},\"headline\":\"Zur Wagnerspitze\",\"datePublished\":\"2016-05-06T12:59:19+00:00\",\"dateModified\":\"2017-10-22T15:31:15+00:00\",\"mainEntityOfPage\":{\"@id\":\"https:\\\/\\\/hp-wandern.de\\\/?p=1668\"},\"wordCount\":83,\"keywords\":[\"leicht\",\"0 - 10 km\",\"0 - 2 Stunden\"],\"articleSection\":[\"Bergwanderung\",\"Tourenart\"],\"inLanguage\":\"de\"},{\"@type\":\"WebPage\",\"@id\":\"https:\\\/\\\/hp-wandern.de\\\/?p=1668\",\"url\":\"https:\\\/\\\/hp-wandern.de\\\/?p=1668\",\"name\":\"Zur Wagnerspitze - Da Bayerische Woid\",\"isPartOf\":{\"@id\":\"https:\\\/\\\/hp-wandern.de\\\/#website\"},\"datePublished\":\"2016-05-06T12:59:19+00:00\",\"dateModified\":\"2017-10-22T15:31:15+00:00\",\"author\":{\"@id\":\"https:\\\/\\\/hp-wandern.de\\\/#\\\/schema\\\/person\\\/ef5968d7a20263d0eb4825f6100cd85b\"},\"breadcrumb\":{\"@id\":\"https:\\\/\\\/hp-wandern.de\\\/?p=1668#breadcrumb\"},\"inLanguage\":\"de\",\"potentialAction\":[{\"@type\":\"ReadAction\",\"target\":[\"https:\\\/\\\/hp-wandern.de\\\/?p=1668\"]}]},{\"@type\":\"BreadcrumbList\",\"@id\":\"https:\\\/\\\/hp-wandern.de\\\/?p=1668#breadcrumb\",\"itemListElement\":[{\"@type\":\"ListItem\",\"position\":1,\"name\":\"Startseite\",\"item\":\"https:\\\/\\\/hp-wandern.de\\\/\"},{\"@type\":\"ListItem\",\"position\":2,\"name\":\"Zur Wagnerspitze\"}]},{\"@type\":\"WebSite\",\"@id\":\"https:\\\/\\\/hp-wandern.de\\\/#website\",\"url\":\"https:\\\/\\\/hp-wandern.de\\\/\",\"name\":\"Da Bayerische Woid\",\"description\":\"...und do bin i dahoam\",\"potentialAction\":[{\"@type\":\"SearchAction\",\"target\":{\"@type\":\"EntryPoint\",\"urlTemplate\":\"https:\\\/\\\/hp-wandern.de\\\/?s={search_term_string}\"},\"query-input\":{\"@type\":\"PropertyValueSpecification\",\"valueRequired\":true,\"valueName\":\"search_term_string\"}}],\"inLanguage\":\"de\"},{\"@type\":\"Person\",\"@id\":\"https:\\\/\\\/hp-wandern.de\\\/#\\\/schema\\\/person\\\/ef5968d7a20263d0eb4825f6100cd85b\",\"name\":\"Hans-Peter\",\"image\":{\"@type\":\"ImageObject\",\"inLanguage\":\"de\",\"@id\":\"https:\\\/\\\/secure.gravatar.com\\\/avatar\\\/d5f61bd360663eeb59e10fcda528cc8efb11cec71102402ef1dbe3c5ef7a8693?s=96&d=mm&r=g\",\"url\":\"https:\\\/\\\/secure.gravatar.com\\\/avatar\\\/d5f61bd360663eeb59e10fcda528cc8efb11cec71102402ef1dbe3c5ef7a8693?s=96&d=mm&r=g\",\"contentUrl\":\"https:\\\/\\\/secure.gravatar.com\\\/avatar\\\/d5f61bd360663eeb59e10fcda528cc8efb11cec71102402ef1dbe3c5ef7a8693?s=96&d=mm&r=g\",\"caption\":\"Hans-Peter\"},\"sameAs\":[\"http:\\\/\\\/hp-wandern.de\"]}]}<\/script>\n<!-- \/ Yoast SEO plugin. -->","yoast_head_json":{"title":"Zur Wagnerspitze - Da Bayerische Woid","robots":{"index":"index","follow":"follow","max-snippet":"max-snippet:-1","max-image-preview":"max-image-preview:large","max-video-preview":"max-video-preview:-1"},"canonical":"https:\/\/hp-wandern.de\/?p=1668","og_locale":"de_DE","og_type":"article","og_title":"Zur Wagnerspitze - Da Bayerische Woid","og_description":"Wegstrecke: ca. 1 km (einfache Strecke) Gehzeit: ca. 35 Minuten Schwierigkeit: leicht Ausgangspunkt: Brennes","og_url":"https:\/\/hp-wandern.de\/?p=1668","og_site_name":"Da Bayerische Woid","article_publisher":"https:\/\/www.facebook.com\/hanspeter.muller.75","article_published_time":"2016-05-06T12:59:19+00:00","article_modified_time":"2017-10-22T15:31:15+00:00","og_image":[{"url":"https:\/\/hp-wandern.de\/wp-content\/uploads\/2017\/04\/K1024_DSC_0026-2-150x150.jpg","type":"","width":"","height":""}],"author":"Hans-Peter","twitter_card":"summary_large_image","twitter_misc":{"Verfasst von":"Hans-Peter"},"schema":{"@context":"https:\/\/schema.org","@graph":[{"@type":"Article","@id":"https:\/\/hp-wandern.de\/?p=1668#article","isPartOf":{"@id":"https:\/\/hp-wandern.de\/?p=1668"},"author":{"name":"Hans-Peter","@id":"https:\/\/hp-wandern.de\/#\/schema\/person\/ef5968d7a20263d0eb4825f6100cd85b"},"headline":"Zur Wagnerspitze","datePublished":"2016-05-06T12:59:19+00:00","dateModified":"2017-10-22T15:31:15+00:00","mainEntityOfPage":{"@id":"https:\/\/hp-wandern.de\/?p=1668"},"wordCount":83,"keywords":["leicht","0 - 10 km","0 - 2 Stunden"],"articleSection":["Bergwanderung","Tourenart"],"inLanguage":"de"},{"@type":"WebPage","@id":"https:\/\/hp-wandern.de\/?p=1668","url":"https:\/\/hp-wandern.de\/?p=1668","name":"Zur Wagnerspitze - Da Bayerische Woid","isPartOf":{"@id":"https:\/\/hp-wandern.de\/#website"},"datePublished":"2016-05-06T12:59:19+00:00","dateModified":"2017-10-22T15:31:15+00:00","author":{"@id":"https:\/\/hp-wandern.de\/#\/schema\/person\/ef5968d7a20263d0eb4825f6100cd85b"},"breadcrumb":{"@id":"https:\/\/hp-wandern.de\/?p=1668#breadcrumb"},"inLanguage":"de","potentialAction":[{"@type":"ReadAction","target":["https:\/\/hp-wandern.de\/?p=1668"]}]},{"@type":"BreadcrumbList","@id":"https:\/\/hp-wandern.de\/?p=1668#breadcrumb","itemListElement":[{"@type":"ListItem","position":1,"name":"Startseite","item":"https:\/\/hp-wandern.de\/"},{"@type":"ListItem","position":2,"name":"Zur Wagnerspitze"}]},{"@type":"WebSite","@id":"https:\/\/hp-wandern.de\/#website","url":"https:\/\/hp-wandern.de\/","name":"Da Bayerische Woid","description":"...und do bin i dahoam","potentialAction":[{"@type":"SearchAction","target":{"@type":"EntryPoint","urlTemplate":"https:\/\/hp-wandern.de\/?s={search_term_string}"},"query-input":{"@type":"PropertyValueSpecification","valueRequired":true,"valueName":"search_term_string"}}],"inLanguage":"de"},{"@type":"Person","@id":"https:\/\/hp-wandern.de\/#\/schema\/person\/ef5968d7a20263d0eb4825f6100cd85b","name":"Hans-Peter","image":{"@type":"ImageObject","inLanguage":"de","@id":"https:\/\/secure.gravatar.com\/avatar\/d5f61bd360663eeb59e10fcda528cc8efb11cec71102402ef1dbe3c5ef7a8693?s=96&d=mm&r=g","url":"https:\/\/secure.gravatar.com\/avatar\/d5f61bd360663eeb59e10fcda528cc8efb11cec71102402ef1dbe3c5ef7a8693?s=96&d=mm&r=g","contentUrl":"https:\/\/secure.gravatar.com\/avatar\/d5f61bd360663eeb59e10fcda528cc8efb11cec71102402ef1dbe3c5ef7a8693?s=96&d=mm&r=g","caption":"Hans-Peter"},"sameAs":["http:\/\/hp-wandern.de"]}]}},"_links":{"self":[{"href":"https:\/\/hp-wandern.de\/index.php?rest_route=\/wp\/v2\/posts\/1668","targetHints":{"allow":["GET"]}}],"collection":[{"href":"https:\/\/hp-wandern.de\/index.php?rest_route=\/wp\/v2\/posts"}],"about":[{"href":"https:\/\/hp-wandern.de\/index.php?rest_route=\/wp\/v2\/types\/post"}],"author":[{"embeddable":true,"href":"https:\/\/hp-wandern.de\/index.php?rest_route=\/wp\/v2\/users\/1"}],"replies":[{"embeddable":true,"href":"https:\/\/hp-wandern.de\/index.php?rest_route=%2Fwp%2Fv2%2Fcomments&post=1668"}],"version-history":[{"count":6,"href":"https:\/\/hp-wandern.de\/index.php?rest_route=\/wp\/v2\/posts\/1668\/revisions"}],"predecessor-version":[{"id":2718,"href":"https:\/\/hp-wandern.de\/index.php?rest_route=\/wp\/v2\/posts\/1668\/revisions\/2718"}],"wp:attachment":[{"href":"https:\/\/hp-wandern.de\/index.php?rest_route=%2Fwp%2Fv2%2Fmedia&parent=1668"}],"wp:term":[{"taxonomy":"category","embeddable":true,"href":"https:\/\/hp-wandern.de\/index.php?rest_route=%2Fwp%2Fv2%2Fcategories&post=1668"},{"taxonomy":"post_tag","embeddable":true,"href":"https:\/\/hp-wandern.de\/index.php?rest_route=%2Fwp%2Fv2%2Ftags&post=1668"}],"curies":[{"name":"wp","href":"https:\/\/api.w.org\/{rel}","templated":true}]}}