{"id":2819,"date":"2017-11-04T12:04:17","date_gmt":"2017-11-04T10:04:17","guid":{"rendered":"http:\/\/hp-wandern.de\/?p=2819"},"modified":"2017-11-04T12:05:25","modified_gmt":"2017-11-04T10:05:25","slug":"kathlfelsen-751-m","status":"publish","type":"post","link":"https:\/\/hp-wandern.de\/?p=2819","title":{"rendered":"Kathlfelsen (751 m)"},"content":{"rendered":"<p><img loading=\"lazy\" decoding=\"async\" class=\"size-medium wp-image-2806\" src=\"http:\/\/hp-wandern.de\/wp-content\/uploads\/2017\/11\/K1600_DSC_0043-2-300x200.jpg\" alt=\"\" width=\"300\" height=\"200\" srcset=\"https:\/\/hp-wandern.de\/wp-content\/uploads\/2017\/11\/K1600_DSC_0043-2-300x200.jpg 300w, https:\/\/hp-wandern.de\/wp-content\/uploads\/2017\/11\/K1600_DSC_0043-2-768x512.jpg 768w, https:\/\/hp-wandern.de\/wp-content\/uploads\/2017\/11\/K1600_DSC_0043-2-1024x683.jpg 1024w, https:\/\/hp-wandern.de\/wp-content\/uploads\/2017\/11\/K1600_DSC_0043-2.jpg 1800w\" sizes=\"auto, (max-width: 300px) 100vw, 300px\" \/><\/p>\n<p>Der <a href=\"https:\/\/www.google.de\/maps\/place\/49%C2%B019'03.1%22N+12%C2%B042'28.4%22E\/@49.3190095,12.6925871,13.75z\/data=!4m14!1m7!3m6!1s0x470aab161e9adc01:0x6441f70c232f9c4c!2sZwirenzel!3b1!8m2!3d49.3411111!4d12.6847222!3m5!1s0x0:0x0!7e2!8m2!3d49.3175127!4d12.7078894\"><strong>Kathlfelsen<\/strong><\/a> (751 m) liegt s\u00fcd\u00f6stlich der Ortschaft Geigant bei Waldm\u00fcnchen. Vom Gipfelkreuz hat man eine sch\u00f6ne Aussicht.<\/p>\n<p><a href=\"http:\/\/hp-wandern.de\/?p=2772\">Zur Tour<\/a><\/p>\n<p>&nbsp;<\/p>\n","protected":false},"excerpt":{"rendered":"<p>Der Kathlfelsen (751 m) liegt s\u00fcd\u00f6stlich der Ortschaft Geigant bei Waldm\u00fcnchen. Vom Gipfelkreuz hat man eine sch\u00f6ne Aussicht. Zur Tour &nbsp;<\/p>\n","protected":false},"author":1,"featured_media":0,"comment_status":"closed","ping_status":"closed","sticky":false,"template":"","format":"quote","meta":{"_monsterinsights_skip_tracking":false,"_monsterinsights_sitenote_active":false,"_monsterinsights_sitenote_note":"","_monsterinsights_sitenote_category":0,"footnotes":""},"categories":[3,5],"tags":[],"class_list":["post-2819","post","type-post","status-publish","format-quote","hentry","category-berggipfel","category-unter-1000m","post_format-post-format-quote"],"yoast_head":"<!-- This site is optimized with the Yoast SEO plugin v27.4 - https:\/\/yoast.com\/product\/yoast-seo-wordpress\/ -->\n<title>Kathlfelsen (751 m) - Da Bayerische Woid<\/title>\n<meta name=\"robots\" content=\"index, follow, max-snippet:-1, max-image-preview:large, max-video-preview:-1\" \/>\n<link rel=\"canonical\" href=\"https:\/\/hp-wandern.de\/?p=2819\" \/>\n<meta property=\"og:locale\" content=\"de_DE\" \/>\n<meta property=\"og:type\" content=\"article\" \/>\n<meta property=\"og:title\" content=\"Kathlfelsen (751 m) - Da Bayerische Woid\" \/>\n<meta property=\"og:description\" content=\"Der Kathlfelsen (751 m) liegt s\u00fcd\u00f6stlich der Ortschaft Geigant bei Waldm\u00fcnchen. Vom Gipfelkreuz hat man eine sch\u00f6ne Aussicht. Zur Tour &nbsp;\" \/>\n<meta property=\"og:url\" content=\"https:\/\/hp-wandern.de\/?p=2819\" \/>\n<meta property=\"og:site_name\" content=\"Da Bayerische Woid\" \/>\n<meta property=\"article:publisher\" content=\"https:\/\/www.facebook.com\/hanspeter.muller.75\" \/>\n<meta property=\"article:published_time\" content=\"2017-11-04T10:04:17+00:00\" \/>\n<meta property=\"article:modified_time\" content=\"2017-11-04T10:05:25+00:00\" \/>\n<meta property=\"og:image\" content=\"http:\/\/hp-wandern.de\/wp-content\/uploads\/2017\/11\/K1600_DSC_0043-2-300x200.jpg\" \/>\n<meta name=\"author\" content=\"Hans-Peter\" \/>\n<meta name=\"twitter:card\" content=\"summary_large_image\" \/>\n<meta name=\"twitter:label1\" content=\"Verfasst von\" \/>\n\t<meta name=\"twitter:data1\" content=\"Hans-Peter\" \/>\n<script type=\"application\/ld+json\" class=\"yoast-schema-graph\">{\"@context\":\"https:\\\/\\\/schema.org\",\"@graph\":[{\"@type\":\"Article\",\"@id\":\"https:\\\/\\\/hp-wandern.de\\\/?p=2819#article\",\"isPartOf\":{\"@id\":\"https:\\\/\\\/hp-wandern.de\\\/?p=2819\"},\"author\":{\"name\":\"Hans-Peter\",\"@id\":\"https:\\\/\\\/hp-wandern.de\\\/#\\\/schema\\\/person\\\/ef5968d7a20263d0eb4825f6100cd85b\"},\"headline\":\"Kathlfelsen (751 m)\",\"datePublished\":\"2017-11-04T10:04:17+00:00\",\"dateModified\":\"2017-11-04T10:05:25+00:00\",\"mainEntityOfPage\":{\"@id\":\"https:\\\/\\\/hp-wandern.de\\\/?p=2819\"},\"wordCount\":26,\"image\":{\"@id\":\"https:\\\/\\\/hp-wandern.de\\\/?p=2819#primaryimage\"},\"thumbnailUrl\":\"http:\\\/\\\/hp-wandern.de\\\/wp-content\\\/uploads\\\/2017\\\/11\\\/K1600_DSC_0043-2-300x200.jpg\",\"articleSection\":[\"Berggipfel\",\"unter 1000 m\"],\"inLanguage\":\"de\"},{\"@type\":\"WebPage\",\"@id\":\"https:\\\/\\\/hp-wandern.de\\\/?p=2819\",\"url\":\"https:\\\/\\\/hp-wandern.de\\\/?p=2819\",\"name\":\"Kathlfelsen (751 m) - Da Bayerische Woid\",\"isPartOf\":{\"@id\":\"https:\\\/\\\/hp-wandern.de\\\/#website\"},\"primaryImageOfPage\":{\"@id\":\"https:\\\/\\\/hp-wandern.de\\\/?p=2819#primaryimage\"},\"image\":{\"@id\":\"https:\\\/\\\/hp-wandern.de\\\/?p=2819#primaryimage\"},\"thumbnailUrl\":\"http:\\\/\\\/hp-wandern.de\\\/wp-content\\\/uploads\\\/2017\\\/11\\\/K1600_DSC_0043-2-300x200.jpg\",\"datePublished\":\"2017-11-04T10:04:17+00:00\",\"dateModified\":\"2017-11-04T10:05:25+00:00\",\"author\":{\"@id\":\"https:\\\/\\\/hp-wandern.de\\\/#\\\/schema\\\/person\\\/ef5968d7a20263d0eb4825f6100cd85b\"},\"breadcrumb\":{\"@id\":\"https:\\\/\\\/hp-wandern.de\\\/?p=2819#breadcrumb\"},\"inLanguage\":\"de\",\"potentialAction\":[{\"@type\":\"ReadAction\",\"target\":[\"https:\\\/\\\/hp-wandern.de\\\/?p=2819\"]}]},{\"@type\":\"ImageObject\",\"inLanguage\":\"de\",\"@id\":\"https:\\\/\\\/hp-wandern.de\\\/?p=2819#primaryimage\",\"url\":\"http:\\\/\\\/hp-wandern.de\\\/wp-content\\\/uploads\\\/2017\\\/11\\\/K1600_DSC_0043-2-300x200.jpg\",\"contentUrl\":\"http:\\\/\\\/hp-wandern.de\\\/wp-content\\\/uploads\\\/2017\\\/11\\\/K1600_DSC_0043-2-300x200.jpg\"},{\"@type\":\"BreadcrumbList\",\"@id\":\"https:\\\/\\\/hp-wandern.de\\\/?p=2819#breadcrumb\",\"itemListElement\":[{\"@type\":\"ListItem\",\"position\":1,\"name\":\"Startseite\",\"item\":\"https:\\\/\\\/hp-wandern.de\\\/\"},{\"@type\":\"ListItem\",\"position\":2,\"name\":\"Kathlfelsen (751 m)\"}]},{\"@type\":\"WebSite\",\"@id\":\"https:\\\/\\\/hp-wandern.de\\\/#website\",\"url\":\"https:\\\/\\\/hp-wandern.de\\\/\",\"name\":\"Da Bayerische Woid\",\"description\":\"...und do bin i dahoam\",\"potentialAction\":[{\"@type\":\"SearchAction\",\"target\":{\"@type\":\"EntryPoint\",\"urlTemplate\":\"https:\\\/\\\/hp-wandern.de\\\/?s={search_term_string}\"},\"query-input\":{\"@type\":\"PropertyValueSpecification\",\"valueRequired\":true,\"valueName\":\"search_term_string\"}}],\"inLanguage\":\"de\"},{\"@type\":\"Person\",\"@id\":\"https:\\\/\\\/hp-wandern.de\\\/#\\\/schema\\\/person\\\/ef5968d7a20263d0eb4825f6100cd85b\",\"name\":\"Hans-Peter\",\"image\":{\"@type\":\"ImageObject\",\"inLanguage\":\"de\",\"@id\":\"https:\\\/\\\/secure.gravatar.com\\\/avatar\\\/d5f61bd360663eeb59e10fcda528cc8efb11cec71102402ef1dbe3c5ef7a8693?s=96&d=mm&r=g\",\"url\":\"https:\\\/\\\/secure.gravatar.com\\\/avatar\\\/d5f61bd360663eeb59e10fcda528cc8efb11cec71102402ef1dbe3c5ef7a8693?s=96&d=mm&r=g\",\"contentUrl\":\"https:\\\/\\\/secure.gravatar.com\\\/avatar\\\/d5f61bd360663eeb59e10fcda528cc8efb11cec71102402ef1dbe3c5ef7a8693?s=96&d=mm&r=g\",\"caption\":\"Hans-Peter\"},\"sameAs\":[\"http:\\\/\\\/hp-wandern.de\"]}]}<\/script>\n<!-- \/ Yoast SEO plugin. -->","yoast_head_json":{"title":"Kathlfelsen (751 m) - Da Bayerische Woid","robots":{"index":"index","follow":"follow","max-snippet":"max-snippet:-1","max-image-preview":"max-image-preview:large","max-video-preview":"max-video-preview:-1"},"canonical":"https:\/\/hp-wandern.de\/?p=2819","og_locale":"de_DE","og_type":"article","og_title":"Kathlfelsen (751 m) - Da Bayerische Woid","og_description":"Der Kathlfelsen (751 m) liegt s\u00fcd\u00f6stlich der Ortschaft Geigant bei Waldm\u00fcnchen. Vom Gipfelkreuz hat man eine sch\u00f6ne Aussicht. Zur Tour &nbsp;","og_url":"https:\/\/hp-wandern.de\/?p=2819","og_site_name":"Da Bayerische Woid","article_publisher":"https:\/\/www.facebook.com\/hanspeter.muller.75","article_published_time":"2017-11-04T10:04:17+00:00","article_modified_time":"2017-11-04T10:05:25+00:00","og_image":[{"url":"http:\/\/hp-wandern.de\/wp-content\/uploads\/2017\/11\/K1600_DSC_0043-2-300x200.jpg","type":"","width":"","height":""}],"author":"Hans-Peter","twitter_card":"summary_large_image","twitter_misc":{"Verfasst von":"Hans-Peter"},"schema":{"@context":"https:\/\/schema.org","@graph":[{"@type":"Article","@id":"https:\/\/hp-wandern.de\/?p=2819#article","isPartOf":{"@id":"https:\/\/hp-wandern.de\/?p=2819"},"author":{"name":"Hans-Peter","@id":"https:\/\/hp-wandern.de\/#\/schema\/person\/ef5968d7a20263d0eb4825f6100cd85b"},"headline":"Kathlfelsen (751 m)","datePublished":"2017-11-04T10:04:17+00:00","dateModified":"2017-11-04T10:05:25+00:00","mainEntityOfPage":{"@id":"https:\/\/hp-wandern.de\/?p=2819"},"wordCount":26,"image":{"@id":"https:\/\/hp-wandern.de\/?p=2819#primaryimage"},"thumbnailUrl":"http:\/\/hp-wandern.de\/wp-content\/uploads\/2017\/11\/K1600_DSC_0043-2-300x200.jpg","articleSection":["Berggipfel","unter 1000 m"],"inLanguage":"de"},{"@type":"WebPage","@id":"https:\/\/hp-wandern.de\/?p=2819","url":"https:\/\/hp-wandern.de\/?p=2819","name":"Kathlfelsen (751 m) - Da Bayerische Woid","isPartOf":{"@id":"https:\/\/hp-wandern.de\/#website"},"primaryImageOfPage":{"@id":"https:\/\/hp-wandern.de\/?p=2819#primaryimage"},"image":{"@id":"https:\/\/hp-wandern.de\/?p=2819#primaryimage"},"thumbnailUrl":"http:\/\/hp-wandern.de\/wp-content\/uploads\/2017\/11\/K1600_DSC_0043-2-300x200.jpg","datePublished":"2017-11-04T10:04:17+00:00","dateModified":"2017-11-04T10:05:25+00:00","author":{"@id":"https:\/\/hp-wandern.de\/#\/schema\/person\/ef5968d7a20263d0eb4825f6100cd85b"},"breadcrumb":{"@id":"https:\/\/hp-wandern.de\/?p=2819#breadcrumb"},"inLanguage":"de","potentialAction":[{"@type":"ReadAction","target":["https:\/\/hp-wandern.de\/?p=2819"]}]},{"@type":"ImageObject","inLanguage":"de","@id":"https:\/\/hp-wandern.de\/?p=2819#primaryimage","url":"http:\/\/hp-wandern.de\/wp-content\/uploads\/2017\/11\/K1600_DSC_0043-2-300x200.jpg","contentUrl":"http:\/\/hp-wandern.de\/wp-content\/uploads\/2017\/11\/K1600_DSC_0043-2-300x200.jpg"},{"@type":"BreadcrumbList","@id":"https:\/\/hp-wandern.de\/?p=2819#breadcrumb","itemListElement":[{"@type":"ListItem","position":1,"name":"Startseite","item":"https:\/\/hp-wandern.de\/"},{"@type":"ListItem","position":2,"name":"Kathlfelsen (751 m)"}]},{"@type":"WebSite","@id":"https:\/\/hp-wandern.de\/#website","url":"https:\/\/hp-wandern.de\/","name":"Da Bayerische Woid","description":"...und do bin i dahoam","potentialAction":[{"@type":"SearchAction","target":{"@type":"EntryPoint","urlTemplate":"https:\/\/hp-wandern.de\/?s={search_term_string}"},"query-input":{"@type":"PropertyValueSpecification","valueRequired":true,"valueName":"search_term_string"}}],"inLanguage":"de"},{"@type":"Person","@id":"https:\/\/hp-wandern.de\/#\/schema\/person\/ef5968d7a20263d0eb4825f6100cd85b","name":"Hans-Peter","image":{"@type":"ImageObject","inLanguage":"de","@id":"https:\/\/secure.gravatar.com\/avatar\/d5f61bd360663eeb59e10fcda528cc8efb11cec71102402ef1dbe3c5ef7a8693?s=96&d=mm&r=g","url":"https:\/\/secure.gravatar.com\/avatar\/d5f61bd360663eeb59e10fcda528cc8efb11cec71102402ef1dbe3c5ef7a8693?s=96&d=mm&r=g","contentUrl":"https:\/\/secure.gravatar.com\/avatar\/d5f61bd360663eeb59e10fcda528cc8efb11cec71102402ef1dbe3c5ef7a8693?s=96&d=mm&r=g","caption":"Hans-Peter"},"sameAs":["http:\/\/hp-wandern.de"]}]}},"_links":{"self":[{"href":"https:\/\/hp-wandern.de\/index.php?rest_route=\/wp\/v2\/posts\/2819","targetHints":{"allow":["GET"]}}],"collection":[{"href":"https:\/\/hp-wandern.de\/index.php?rest_route=\/wp\/v2\/posts"}],"about":[{"href":"https:\/\/hp-wandern.de\/index.php?rest_route=\/wp\/v2\/types\/post"}],"author":[{"embeddable":true,"href":"https:\/\/hp-wandern.de\/index.php?rest_route=\/wp\/v2\/users\/1"}],"replies":[{"embeddable":true,"href":"https:\/\/hp-wandern.de\/index.php?rest_route=%2Fwp%2Fv2%2Fcomments&post=2819"}],"version-history":[{"count":2,"href":"https:\/\/hp-wandern.de\/index.php?rest_route=\/wp\/v2\/posts\/2819\/revisions"}],"predecessor-version":[{"id":2822,"href":"https:\/\/hp-wandern.de\/index.php?rest_route=\/wp\/v2\/posts\/2819\/revisions\/2822"}],"wp:attachment":[{"href":"https:\/\/hp-wandern.de\/index.php?rest_route=%2Fwp%2Fv2%2Fmedia&parent=2819"}],"wp:term":[{"taxonomy":"category","embeddable":true,"href":"https:\/\/hp-wandern.de\/index.php?rest_route=%2Fwp%2Fv2%2Fcategories&post=2819"},{"taxonomy":"post_tag","embeddable":true,"href":"https:\/\/hp-wandern.de\/index.php?rest_route=%2Fwp%2Fv2%2Ftags&post=2819"}],"curies":[{"name":"wp","href":"https:\/\/api.w.org\/{rel}","templated":true}]}}