{"id":6032,"date":"2020-02-15T18:59:24","date_gmt":"2020-02-15T16:59:24","guid":{"rendered":"http:\/\/hp-wandern.de\/?p=6032"},"modified":"2020-02-15T18:59:24","modified_gmt":"2020-02-15T16:59:24","slug":"buescherl-740-m","status":"publish","type":"post","link":"https:\/\/hp-wandern.de\/?p=6032","title":{"rendered":"B\u00fcscherl (740 m)"},"content":{"rendered":"<p><img loading=\"lazy\" decoding=\"async\" class=\"size-medium wp-image-6017\" src=\"http:\/\/hp-wandern.de\/wp-content\/uploads\/2020\/02\/K1024_DSC_0097-1-300x257.jpg\" alt=\"\" width=\"300\" height=\"257\" srcset=\"https:\/\/hp-wandern.de\/wp-content\/uploads\/2020\/02\/K1024_DSC_0097-1-300x257.jpg 300w, https:\/\/hp-wandern.de\/wp-content\/uploads\/2020\/02\/K1024_DSC_0097-1-768x658.jpg 768w, https:\/\/hp-wandern.de\/wp-content\/uploads\/2020\/02\/K1024_DSC_0097-1.jpg 896w\" sizes=\"auto, (max-width: 300px) 100vw, 300px\" \/><\/p>\n<p>Das <strong>B\u00fcscherl<\/strong> (740 m) ist der h\u00f6chste Berg der Gemeinde Wiesenfelden im Landkreis Straubing-Bogen. Er hat eine Schutzh\u00fctte und eine Aussichtskanzel mit m\u00e4\u00dfiger Aussicht.<\/p>\n<p><a href=\"http:\/\/hp-wandern.de\/?p=5995\">Zur Tour<\/a><\/p>\n","protected":false},"excerpt":{"rendered":"<p>Das B\u00fcscherl (740 m) ist der h\u00f6chste Berg der Gemeinde Wiesenfelden im Landkreis Straubing-Bogen. Er hat eine Schutzh\u00fctte und eine Aussichtskanzel mit m\u00e4\u00dfiger Aussicht. Zur Tour<\/p>\n","protected":false},"author":1,"featured_media":0,"comment_status":"closed","ping_status":"closed","sticky":false,"template":"","format":"quote","meta":{"_monsterinsights_skip_tracking":false,"_monsterinsights_sitenote_active":false,"_monsterinsights_sitenote_note":"","_monsterinsights_sitenote_category":0,"footnotes":""},"categories":[3,5],"tags":[],"class_list":["post-6032","post","type-post","status-publish","format-quote","hentry","category-berggipfel","category-unter-1000m","post_format-post-format-quote"],"yoast_head":"<!-- This site is optimized with the Yoast SEO plugin v27.4 - https:\/\/yoast.com\/product\/yoast-seo-wordpress\/ -->\n<title>B\u00fcscherl (740 m) - Da Bayerische Woid<\/title>\n<meta name=\"robots\" content=\"index, follow, max-snippet:-1, max-image-preview:large, max-video-preview:-1\" \/>\n<link rel=\"canonical\" href=\"https:\/\/hp-wandern.de\/?p=6032\" \/>\n<meta property=\"og:locale\" content=\"de_DE\" \/>\n<meta property=\"og:type\" content=\"article\" \/>\n<meta property=\"og:title\" content=\"B\u00fcscherl (740 m) - Da Bayerische Woid\" \/>\n<meta property=\"og:description\" content=\"Das B\u00fcscherl (740 m) ist der h\u00f6chste Berg der Gemeinde Wiesenfelden im Landkreis Straubing-Bogen. Er hat eine Schutzh\u00fctte und eine Aussichtskanzel mit m\u00e4\u00dfiger Aussicht. Zur Tour\" \/>\n<meta property=\"og:url\" content=\"https:\/\/hp-wandern.de\/?p=6032\" \/>\n<meta property=\"og:site_name\" content=\"Da Bayerische Woid\" \/>\n<meta property=\"article:publisher\" content=\"https:\/\/www.facebook.com\/hanspeter.muller.75\" \/>\n<meta property=\"article:published_time\" content=\"2020-02-15T16:59:24+00:00\" \/>\n<meta property=\"og:image\" content=\"http:\/\/hp-wandern.de\/wp-content\/uploads\/2020\/02\/K1024_DSC_0097-1-300x257.jpg\" \/>\n<meta name=\"author\" content=\"Hans-Peter\" \/>\n<meta name=\"twitter:card\" content=\"summary_large_image\" \/>\n<meta name=\"twitter:label1\" content=\"Verfasst von\" \/>\n\t<meta name=\"twitter:data1\" content=\"Hans-Peter\" \/>\n<script type=\"application\/ld+json\" class=\"yoast-schema-graph\">{\"@context\":\"https:\\\/\\\/schema.org\",\"@graph\":[{\"@type\":\"Article\",\"@id\":\"https:\\\/\\\/hp-wandern.de\\\/?p=6032#article\",\"isPartOf\":{\"@id\":\"https:\\\/\\\/hp-wandern.de\\\/?p=6032\"},\"author\":{\"name\":\"Hans-Peter\",\"@id\":\"https:\\\/\\\/hp-wandern.de\\\/#\\\/schema\\\/person\\\/ef5968d7a20263d0eb4825f6100cd85b\"},\"headline\":\"B\u00fcscherl (740 m)\",\"datePublished\":\"2020-02-15T16:59:24+00:00\",\"mainEntityOfPage\":{\"@id\":\"https:\\\/\\\/hp-wandern.de\\\/?p=6032\"},\"wordCount\":32,\"image\":{\"@id\":\"https:\\\/\\\/hp-wandern.de\\\/?p=6032#primaryimage\"},\"thumbnailUrl\":\"http:\\\/\\\/hp-wandern.de\\\/wp-content\\\/uploads\\\/2020\\\/02\\\/K1024_DSC_0097-1-300x257.jpg\",\"articleSection\":[\"Berggipfel\",\"unter 1000 m\"],\"inLanguage\":\"de\"},{\"@type\":\"WebPage\",\"@id\":\"https:\\\/\\\/hp-wandern.de\\\/?p=6032\",\"url\":\"https:\\\/\\\/hp-wandern.de\\\/?p=6032\",\"name\":\"B\u00fcscherl (740 m) - Da Bayerische Woid\",\"isPartOf\":{\"@id\":\"https:\\\/\\\/hp-wandern.de\\\/#website\"},\"primaryImageOfPage\":{\"@id\":\"https:\\\/\\\/hp-wandern.de\\\/?p=6032#primaryimage\"},\"image\":{\"@id\":\"https:\\\/\\\/hp-wandern.de\\\/?p=6032#primaryimage\"},\"thumbnailUrl\":\"http:\\\/\\\/hp-wandern.de\\\/wp-content\\\/uploads\\\/2020\\\/02\\\/K1024_DSC_0097-1-300x257.jpg\",\"datePublished\":\"2020-02-15T16:59:24+00:00\",\"author\":{\"@id\":\"https:\\\/\\\/hp-wandern.de\\\/#\\\/schema\\\/person\\\/ef5968d7a20263d0eb4825f6100cd85b\"},\"breadcrumb\":{\"@id\":\"https:\\\/\\\/hp-wandern.de\\\/?p=6032#breadcrumb\"},\"inLanguage\":\"de\",\"potentialAction\":[{\"@type\":\"ReadAction\",\"target\":[\"https:\\\/\\\/hp-wandern.de\\\/?p=6032\"]}]},{\"@type\":\"ImageObject\",\"inLanguage\":\"de\",\"@id\":\"https:\\\/\\\/hp-wandern.de\\\/?p=6032#primaryimage\",\"url\":\"http:\\\/\\\/hp-wandern.de\\\/wp-content\\\/uploads\\\/2020\\\/02\\\/K1024_DSC_0097-1-300x257.jpg\",\"contentUrl\":\"http:\\\/\\\/hp-wandern.de\\\/wp-content\\\/uploads\\\/2020\\\/02\\\/K1024_DSC_0097-1-300x257.jpg\"},{\"@type\":\"BreadcrumbList\",\"@id\":\"https:\\\/\\\/hp-wandern.de\\\/?p=6032#breadcrumb\",\"itemListElement\":[{\"@type\":\"ListItem\",\"position\":1,\"name\":\"Startseite\",\"item\":\"https:\\\/\\\/hp-wandern.de\\\/\"},{\"@type\":\"ListItem\",\"position\":2,\"name\":\"B\u00fcscherl (740 m)\"}]},{\"@type\":\"WebSite\",\"@id\":\"https:\\\/\\\/hp-wandern.de\\\/#website\",\"url\":\"https:\\\/\\\/hp-wandern.de\\\/\",\"name\":\"Da Bayerische Woid\",\"description\":\"...und do bin i dahoam\",\"potentialAction\":[{\"@type\":\"SearchAction\",\"target\":{\"@type\":\"EntryPoint\",\"urlTemplate\":\"https:\\\/\\\/hp-wandern.de\\\/?s={search_term_string}\"},\"query-input\":{\"@type\":\"PropertyValueSpecification\",\"valueRequired\":true,\"valueName\":\"search_term_string\"}}],\"inLanguage\":\"de\"},{\"@type\":\"Person\",\"@id\":\"https:\\\/\\\/hp-wandern.de\\\/#\\\/schema\\\/person\\\/ef5968d7a20263d0eb4825f6100cd85b\",\"name\":\"Hans-Peter\",\"image\":{\"@type\":\"ImageObject\",\"inLanguage\":\"de\",\"@id\":\"https:\\\/\\\/secure.gravatar.com\\\/avatar\\\/d5f61bd360663eeb59e10fcda528cc8efb11cec71102402ef1dbe3c5ef7a8693?s=96&d=mm&r=g\",\"url\":\"https:\\\/\\\/secure.gravatar.com\\\/avatar\\\/d5f61bd360663eeb59e10fcda528cc8efb11cec71102402ef1dbe3c5ef7a8693?s=96&d=mm&r=g\",\"contentUrl\":\"https:\\\/\\\/secure.gravatar.com\\\/avatar\\\/d5f61bd360663eeb59e10fcda528cc8efb11cec71102402ef1dbe3c5ef7a8693?s=96&d=mm&r=g\",\"caption\":\"Hans-Peter\"},\"sameAs\":[\"http:\\\/\\\/hp-wandern.de\"]}]}<\/script>\n<!-- \/ Yoast SEO plugin. -->","yoast_head_json":{"title":"B\u00fcscherl (740 m) - Da Bayerische Woid","robots":{"index":"index","follow":"follow","max-snippet":"max-snippet:-1","max-image-preview":"max-image-preview:large","max-video-preview":"max-video-preview:-1"},"canonical":"https:\/\/hp-wandern.de\/?p=6032","og_locale":"de_DE","og_type":"article","og_title":"B\u00fcscherl (740 m) - Da Bayerische Woid","og_description":"Das B\u00fcscherl (740 m) ist der h\u00f6chste Berg der Gemeinde Wiesenfelden im Landkreis Straubing-Bogen. Er hat eine Schutzh\u00fctte und eine Aussichtskanzel mit m\u00e4\u00dfiger Aussicht. Zur Tour","og_url":"https:\/\/hp-wandern.de\/?p=6032","og_site_name":"Da Bayerische Woid","article_publisher":"https:\/\/www.facebook.com\/hanspeter.muller.75","article_published_time":"2020-02-15T16:59:24+00:00","og_image":[{"url":"http:\/\/hp-wandern.de\/wp-content\/uploads\/2020\/02\/K1024_DSC_0097-1-300x257.jpg","type":"","width":"","height":""}],"author":"Hans-Peter","twitter_card":"summary_large_image","twitter_misc":{"Verfasst von":"Hans-Peter"},"schema":{"@context":"https:\/\/schema.org","@graph":[{"@type":"Article","@id":"https:\/\/hp-wandern.de\/?p=6032#article","isPartOf":{"@id":"https:\/\/hp-wandern.de\/?p=6032"},"author":{"name":"Hans-Peter","@id":"https:\/\/hp-wandern.de\/#\/schema\/person\/ef5968d7a20263d0eb4825f6100cd85b"},"headline":"B\u00fcscherl (740 m)","datePublished":"2020-02-15T16:59:24+00:00","mainEntityOfPage":{"@id":"https:\/\/hp-wandern.de\/?p=6032"},"wordCount":32,"image":{"@id":"https:\/\/hp-wandern.de\/?p=6032#primaryimage"},"thumbnailUrl":"http:\/\/hp-wandern.de\/wp-content\/uploads\/2020\/02\/K1024_DSC_0097-1-300x257.jpg","articleSection":["Berggipfel","unter 1000 m"],"inLanguage":"de"},{"@type":"WebPage","@id":"https:\/\/hp-wandern.de\/?p=6032","url":"https:\/\/hp-wandern.de\/?p=6032","name":"B\u00fcscherl (740 m) - Da Bayerische Woid","isPartOf":{"@id":"https:\/\/hp-wandern.de\/#website"},"primaryImageOfPage":{"@id":"https:\/\/hp-wandern.de\/?p=6032#primaryimage"},"image":{"@id":"https:\/\/hp-wandern.de\/?p=6032#primaryimage"},"thumbnailUrl":"http:\/\/hp-wandern.de\/wp-content\/uploads\/2020\/02\/K1024_DSC_0097-1-300x257.jpg","datePublished":"2020-02-15T16:59:24+00:00","author":{"@id":"https:\/\/hp-wandern.de\/#\/schema\/person\/ef5968d7a20263d0eb4825f6100cd85b"},"breadcrumb":{"@id":"https:\/\/hp-wandern.de\/?p=6032#breadcrumb"},"inLanguage":"de","potentialAction":[{"@type":"ReadAction","target":["https:\/\/hp-wandern.de\/?p=6032"]}]},{"@type":"ImageObject","inLanguage":"de","@id":"https:\/\/hp-wandern.de\/?p=6032#primaryimage","url":"http:\/\/hp-wandern.de\/wp-content\/uploads\/2020\/02\/K1024_DSC_0097-1-300x257.jpg","contentUrl":"http:\/\/hp-wandern.de\/wp-content\/uploads\/2020\/02\/K1024_DSC_0097-1-300x257.jpg"},{"@type":"BreadcrumbList","@id":"https:\/\/hp-wandern.de\/?p=6032#breadcrumb","itemListElement":[{"@type":"ListItem","position":1,"name":"Startseite","item":"https:\/\/hp-wandern.de\/"},{"@type":"ListItem","position":2,"name":"B\u00fcscherl (740 m)"}]},{"@type":"WebSite","@id":"https:\/\/hp-wandern.de\/#website","url":"https:\/\/hp-wandern.de\/","name":"Da Bayerische Woid","description":"...und do bin i dahoam","potentialAction":[{"@type":"SearchAction","target":{"@type":"EntryPoint","urlTemplate":"https:\/\/hp-wandern.de\/?s={search_term_string}"},"query-input":{"@type":"PropertyValueSpecification","valueRequired":true,"valueName":"search_term_string"}}],"inLanguage":"de"},{"@type":"Person","@id":"https:\/\/hp-wandern.de\/#\/schema\/person\/ef5968d7a20263d0eb4825f6100cd85b","name":"Hans-Peter","image":{"@type":"ImageObject","inLanguage":"de","@id":"https:\/\/secure.gravatar.com\/avatar\/d5f61bd360663eeb59e10fcda528cc8efb11cec71102402ef1dbe3c5ef7a8693?s=96&d=mm&r=g","url":"https:\/\/secure.gravatar.com\/avatar\/d5f61bd360663eeb59e10fcda528cc8efb11cec71102402ef1dbe3c5ef7a8693?s=96&d=mm&r=g","contentUrl":"https:\/\/secure.gravatar.com\/avatar\/d5f61bd360663eeb59e10fcda528cc8efb11cec71102402ef1dbe3c5ef7a8693?s=96&d=mm&r=g","caption":"Hans-Peter"},"sameAs":["http:\/\/hp-wandern.de"]}]}},"_links":{"self":[{"href":"https:\/\/hp-wandern.de\/index.php?rest_route=\/wp\/v2\/posts\/6032","targetHints":{"allow":["GET"]}}],"collection":[{"href":"https:\/\/hp-wandern.de\/index.php?rest_route=\/wp\/v2\/posts"}],"about":[{"href":"https:\/\/hp-wandern.de\/index.php?rest_route=\/wp\/v2\/types\/post"}],"author":[{"embeddable":true,"href":"https:\/\/hp-wandern.de\/index.php?rest_route=\/wp\/v2\/users\/1"}],"replies":[{"embeddable":true,"href":"https:\/\/hp-wandern.de\/index.php?rest_route=%2Fwp%2Fv2%2Fcomments&post=6032"}],"version-history":[{"count":2,"href":"https:\/\/hp-wandern.de\/index.php?rest_route=\/wp\/v2\/posts\/6032\/revisions"}],"predecessor-version":[{"id":6034,"href":"https:\/\/hp-wandern.de\/index.php?rest_route=\/wp\/v2\/posts\/6032\/revisions\/6034"}],"wp:attachment":[{"href":"https:\/\/hp-wandern.de\/index.php?rest_route=%2Fwp%2Fv2%2Fmedia&parent=6032"}],"wp:term":[{"taxonomy":"category","embeddable":true,"href":"https:\/\/hp-wandern.de\/index.php?rest_route=%2Fwp%2Fv2%2Fcategories&post=6032"},{"taxonomy":"post_tag","embeddable":true,"href":"https:\/\/hp-wandern.de\/index.php?rest_route=%2Fwp%2Fv2%2Ftags&post=6032"}],"curies":[{"name":"wp","href":"https:\/\/api.w.org\/{rel}","templated":true}]}}